{"id":24447,"date":"2026-09-04T14:07:07","date_gmt":"2026-09-04T12:07:07","guid":{"rendered":"https:\/\/turismoenzamora.es\/?p=24447"},"modified":"2026-09-04T14:07:37","modified_gmt":"2026-09-04T12:07:37","slug":"la-diputacion-de-zamora-acompana-a-antonio-pedrero-en-madrid-en-la-inauguracion-de-su-exposicion-antologica-1952-2026","status":"publish","type":"post","link":"https:\/\/turismoenzamora.es\/zh\/la-diputacion-de-zamora-acompana-a-antonio-pedrero-en-madrid-en-la-inauguracion-de-su-exposicion-antologica-1952-2026\/","title":{"rendered":"La Diputaci\u00f3n de Zamora acompa\u00f1a a Antonio Pedrero en Madrid en la inauguraci\u00f3n de su exposici\u00f3n \u2018ANTOL\u00d3GICA 1952-2026\u2019"},"content":{"rendered":"\n<p><strong>Javier Fa\u00fandez destaca al artista zamorano como \u201cuno de los artistas contempor\u00e1neos m\u00e1s importantes de Zamora\u201d y como uno de los grandes embajadores culturales de la provincia.<\/strong><\/p>\n\n\n\n<p>El presidente de la Diputaci\u00f3n de Zamora,\u00a0<strong>Javier Fa\u00fandez Dom\u00ednguez<\/strong>, ha participado esta tarde en Madrid en la inauguraci\u00f3n de la exposici\u00f3n\u00a0<strong>\u2018Antonio Pedrero. Antol\u00f3gica 1952-2026\u2019<\/strong>, una muestra que recorre la trayectoria art\u00edstica de uno de los grandes referentes de la pintura contempor\u00e1nea zamorana.<\/p>\n\n\n\n<p>El acto se ha celebrado en el&nbsp;<strong>Centro Cultural Casa de Vacas de Madrid<\/strong>, en el parque de El Retiro, y ha contado con la presencia del propio&nbsp;<strong>Antonio Pedrero<\/strong>, as\u00ed como del vicepresidente primero y diputado de Educaci\u00f3n, Cultura y Turismo de la Diputaci\u00f3n de Zamora,&nbsp;<strong>V\u00edctor L\u00f3pez de la Parte<\/strong>.<\/p>\n\n\n\n<div class=\"wp-block-columns is-layout-flex wp-container-core-columns-layout-1 wp-block-columns-is-layout-flex\">\n<div class=\"wp-block-column is-layout-flow wp-block-column-is-layout-flow\" style=\"flex-basis:66.66%\">\n<figure class=\"wp-block-image size-full\"><img fetchpriority=\"high\" decoding=\"async\" width=\"570\" height=\"330\" src=\"https:\/\/turismoenzamora.es\/wp-content\/uploads\/2026\/09\/Inauguracion-Exposicion-Antonio-Pedrero-en-Madrid2.jpg_1398273928.jpg\" alt=\"\" class=\"wp-image-24448\" srcset=\"https:\/\/turismoenzamora.es\/wp-content\/uploads\/2026\/09\/Inauguracion-Exposicion-Antonio-Pedrero-en-Madrid2.jpg_1398273928.jpg 570w, https:\/\/turismoenzamora.es\/wp-content\/uploads\/2026\/09\/Inauguracion-Exposicion-Antonio-Pedrero-en-Madrid2.jpg_1398273928-300x174.jpg 300w\" sizes=\"(max-width: 570px) 100vw, 570px\" \/><\/figure>\n<\/div>\n\n\n\n<div class=\"wp-block-column is-layout-flow wp-block-column-is-layout-flow\" style=\"flex-basis:33.33%\">\n<p>La exposici\u00f3n est\u00e1\u00a0<strong>comisariada por Ana Pedrero, hija del artista<\/strong>, y ofrece un recorrido por la trayectoria de Antonio Pedrero, vinculando su producci\u00f3n art\u00edstica con la tierra, los paisajes, las tradiciones y las gentes de Zamora.<\/p>\n\n\n\n<p>Durante su intervenci\u00f3n, Javier Fa\u00fandez ha afirmado que \u201c<strong>Antonio Pedrero es uno de los artistas contempor\u00e1neos m\u00e1s importantes de Zamora y una de las figuras esenciales para entender la pintura zamorana de las \u00faltimas d\u00e9cadas<\/strong>\u201d.<\/p>\n<\/div>\n<\/div>\n\n\n\n<p>El presidente de la Diputaci\u00f3n ha destacado que la muestra \u201ces mucho m\u00e1s que una recopilaci\u00f3n de obras al uso\u201d, ya que constituye \u201c<strong>el recorrido por toda una vida dedicada al arte<\/strong>\u201d, con 75 a\u00f1os de creaci\u00f3n, b\u00fasqueda y compromiso con la pintura, pero tambi\u00e9n un recorrido por Zamora.<\/p>\n\n\n\n<h4 class=\"wp-block-heading\">UNA EXPOSICI\u00d3N QUE ES TAMBI\u00c9N UN RECORRIDO POR ZAMORA<\/h4>\n\n\n\n<p>Fa\u00fandez ha subrayado la profunda vinculaci\u00f3n entre la obra de Pedrero y la provincia de Zamora. \u201c<strong>Hablar de Antonio Pedrero es hablar de nuestra tierra<\/strong>\u201d, ha se\u00f1alado, antes de poner en valor que su pintura refleja \u201cnuestros pueblos, nuestros paisajes, nuestras tradiciones, nuestras gentes y esa forma tan particular que tenemos los zamoranos de entender y vivir nuestro territorio\u201d.<\/p>\n\n\n\n<p>En este sentido, el presidente provincial ha resaltado la capacidad del artista para transformar su mirada sobre Zamora en una expresi\u00f3n art\u00edstica propia: \u201c<strong>Antonio ha sabido mirar Zamora y convertir esa mirada en arte<\/strong>\u201d.<\/p>\n\n\n\n<p>Javier Fa\u00fandez ha agradecido igualmente la colaboraci\u00f3n del&nbsp;<strong>concejal del distrito de El Retiro, Andrea Levi<\/strong>, por su acompa\u00f1amiento, predisposici\u00f3n y ayuda para hacer posible que esta exposici\u00f3n pueda desarrollarse en el espacio de Casa de Vacas.<\/p>\n\n\n\n<h4 class=\"wp-block-heading\">ANTONIO PEDRERO, EMBAJADOR CULTURAL DE ZAMORA<\/h4>\n\n\n\n<p>El presidente de la Diputaci\u00f3n ha querido poner especialmente en valor la dimensi\u00f3n de Antonio Pedrero como embajador de la provincia a trav\u00e9s de su obra y de su trayectoria art\u00edstica.<\/p>\n\n\n\n<p>\u201c<strong>Gracias, Antonio Pedrero, por ser uno de los grandes embajadores culturales de nuestra provincia<\/strong>\u201d, ha manifestado Fa\u00fandez, quien ha concluido felicitando al artista por la exposici\u00f3n y por \u201c<strong>toda una vida dedicada al arte<\/strong>\u201d.<\/p>\n\n\n\n<p>La presencia de la Diputaci\u00f3n de Zamora en la inauguraci\u00f3n refuerza su compromiso con la promoci\u00f3n y difusi\u00f3n de la cultura y del patrimonio art\u00edstico de la provincia, as\u00ed como con el reconocimiento de aquellos creadores que han contribuido a proyectar el nombre de Zamora m\u00e1s all\u00e1 de sus fronteras.<\/p>\n\n\n\n<p>La exposici\u00f3n&nbsp;<strong>\u2018Antonio Pedrero. Antol\u00f3gica 1952-2026\u2019<\/strong>&nbsp;constituye, por tanto, una oportunidad para acercar al p\u00fablico madrile\u00f1o la trayectoria de un artista profundamente vinculado a Zamora y cuya obra ha convertido paisajes, pueblos, tradiciones y formas de vida de la provincia en parte esencial de su universo creativo.<\/p>\n\n\n\n<h4 class=\"wp-block-heading\">ABIERTA AL P\u00daBLICO HASTA EL 27 DE OCTUBRE<\/h4>\n\n\n\n<p>La muestra permanecer\u00e1 abierta al p\u00fablico en el&nbsp;<strong>Centro Cultural Casa de Vacas de Madrid<\/strong>, situado en el parque de El Retiro,&nbsp;<strong>hasta el pr\u00f3ximo 27 de octubre<\/strong>.<\/p>\n\n\n\n<p>El horario de visita ser\u00e1&nbsp;<strong>de lunes a domingo, de 10:00 a 21:00 horas<\/strong>, permitiendo al p\u00fablico madrile\u00f1o y a los visitantes de la capital acercarse a la obra de Antonio Pedrero y conocer la trayectoria de uno de los grandes artistas contempor\u00e1neos vinculados a Zamora.<\/p>\n\n\n\n<p>La exposici\u00f3n est\u00e1 comisariada por&nbsp;<strong>Ana Pedrero, hija del artista<\/strong>, y re\u00fane una amplia representaci\u00f3n de una trayectoria marcada por 75 a\u00f1os de creaci\u00f3n y compromiso con la pintura.<\/p>\n\n\n\n<p>Toda la informaci\u00f3n sobre la exposici\u00f3n y el artista puede consultarse en:&nbsp;<a href=\"https:\/\/antonio-pedrero.com\/\" target=\"_blank\" rel=\"noreferrer noopener\">Web oficial de Antonio Pedrero<\/a><\/p>\n","protected":false},"excerpt":{"rendered":"<p>Javier Fa\u00fandez destaca al artista zamorano como \u201cuno de [&hellip;]<\/p>\n","protected":false},"author":1,"featured_media":24449,"comment_status":"closed","ping_status":"closed","sticky":false,"template":"","format":"aside","meta":{"inline_featured_image":false,"site-sidebar-layout":"default","site-content-layout":"","ast-site-content-layout":"default","site-content-style":"default","site-sidebar-style":"default","ast-global-header-display":"","ast-banner-title-visibility":"","ast-main-header-display":"","ast-hfb-above-header-display":"","ast-hfb-below-header-display":"","ast-hfb-mobile-header-display":"","site-post-title":"","ast-breadcrumbs-content":"","ast-featured-img":"","footer-sml-layout":"","theme-transparent-header-meta":"","adv-header-id-meta":"","stick-header-meta":"","header-above-stick-meta":"","header-main-stick-meta":"","header-below-stick-meta":"","astra-migrate-meta-layouts":"set","ast-page-background-enabled":"default","ast-page-background-meta":{"desktop":{"background-color":"","background-image":"","background-repeat":"repeat","background-position":"center center","background-size":"auto","background-attachment":"scroll","background-type":"","background-media":"","overlay-type":"","overlay-color":"","overlay-opacity":"","overlay-gradient":""},"tablet":{"background-color":"","background-image":"","background-repeat":"repeat","background-position":"center center","background-size":"auto","background-attachment":"scroll","background-type":"","background-media":"","overlay-type":"","overlay-color":"","overlay-opacity":"","overlay-gradient":""},"mobile":{"background-color":"","background-image":"","background-repeat":"repeat","background-position":"center center","background-size":"auto","background-attachment":"scroll","background-type":"","background-media":"","overlay-type":"","overlay-color":"","overlay-opacity":"","overlay-gradient":""}},"ast-content-background-meta":{"desktop":{"background-color":"var(--ast-global-color-5)","background-image":"","background-repeat":"repeat","background-position":"center center","background-size":"auto","background-attachment":"scroll","background-type":"","background-media":"","overlay-type":"","overlay-color":"","overlay-opacity":"","overlay-gradient":""},"tablet":{"background-color":"var(--ast-global-color-5)","background-image":"","background-repeat":"repeat","background-position":"center center","background-size":"auto","background-attachment":"scroll","background-type":"","background-media":"","overlay-type":"","overlay-color":"","overlay-opacity":"","overlay-gradient":""},"mobile":{"background-color":"var(--ast-global-color-5)","background-image":"","background-repeat":"repeat","background-position":"center center","background-size":"auto","background-attachment":"scroll","background-type":"","background-media":"","overlay-type":"","overlay-color":"","overlay-opacity":"","overlay-gradient":""}},"ngg_post_thumbnail":0,"footnotes":""},"categories":[9],"tags":[],"yoast_head":"<!-- This site is optimized with the Yoast SEO plugin v23.0 - https:\/\/yoast.com\/wordpress\/plugins\/seo\/ -->\n<title>Turismo de Zamora Patronato de Turismo de la Diputaci\u00f3n de Zamora<\/title>\n<meta name=\"description\" content=\"Esta es la p\u00e1gina Oficial de Turismo de Diputaci\u00f3n de Zamora, &quot;Turismo Sostenible&quot;, donde podr\u00e1 encontrar toda la informaci\u00f3n para disfrutar al m\u00e1ximo de nuestra provincia.\" \/>\n<meta name=\"robots\" content=\"index, follow, max-snippet:-1, max-image-preview:large, max-video-preview:-1\" \/>\n<link rel=\"canonical\" href=\"https:\/\/turismoenzamora.es\/la-diputacion-de-zamora-acompana-a-antonio-pedrero-en-madrid-en-la-inauguracion-de-su-exposicion-antologica-1952-2026\/\" \/>\n<meta property=\"og:locale\" content=\"zh_CN\" \/>\n<meta property=\"og:type\" content=\"article\" \/>\n<meta property=\"og:title\" content=\"Turismo de Zamora Patronato de Turismo de la Diputaci\u00f3n de Zamora\" \/>\n<meta property=\"og:description\" content=\"Esta es la p\u00e1gina Oficial de Turismo de Diputaci\u00f3n de Zamora, &quot;Turismo Sostenible&quot;, donde podr\u00e1 encontrar toda la informaci\u00f3n para disfrutar al m\u00e1ximo de nuestra provincia.\" \/>\n<meta property=\"og:url\" content=\"https:\/\/turismoenzamora.es\/la-diputacion-de-zamora-acompana-a-antonio-pedrero-en-madrid-en-la-inauguracion-de-su-exposicion-antologica-1952-2026\/\" \/>\n<meta property=\"og:site_name\" content=\"(Espa\u00f1ol) Turismo sostenible. Patronato de Turismo de la Diputaci\u00f3n de Zamora.&quot;Turismo Sostenible&quot;.\" \/>\n<meta property=\"article:publisher\" content=\"https:\/\/www.facebook.com\/ZamoraSpain\/\" \/>\n<meta property=\"article:published_time\" content=\"2026-09-04T12:07:07+00:00\" \/>\n<meta property=\"article:modified_time\" content=\"2026-09-04T12:07:37+00:00\" \/>\n<meta property=\"og:image\" content=\"https:\/\/turismoenzamora.es\/wp-content\/uploads\/2026\/09\/Inauguracion-Exposicion-Antonio-Pedrero-en-Madrid.jpg_1393830151.jpg\" \/>\n\t<meta property=\"og:image:width\" content=\"1428\" \/>\n\t<meta property=\"og:image:height\" content=\"714\" \/>\n\t<meta property=\"og:image:type\" content=\"image\/jpeg\" \/>\n<meta name=\"author\" content=\"Turismo en Zamora\" \/>\n<meta name=\"twitter:card\" content=\"summary_large_image\" \/>\n<meta name=\"twitter:creator\" content=\"@ZamoraSpain\" \/>\n<meta name=\"twitter:site\" content=\"@ZamoraSpain\" \/>\n<meta name=\"twitter:label1\" content=\"\u4f5c\u8005\" \/>\n\t<meta name=\"twitter:data1\" content=\"Turismo en Zamora\" \/>\n\t<meta name=\"twitter:label2\" content=\"\u9884\u8ba1\u9605\u8bfb\u65f6\u95f4\" \/>\n\t<meta name=\"twitter:data2\" content=\"4\u5206\" \/>\n<script type=\"application\/ld+json\" class=\"yoast-schema-graph\">{\"@context\":\"https:\/\/schema.org\",\"@graph\":[{\"@type\":\"Article\",\"@id\":\"https:\/\/turismoenzamora.es\/la-diputacion-de-zamora-acompana-a-antonio-pedrero-en-madrid-en-la-inauguracion-de-su-exposicion-antologica-1952-2026\/#article\",\"isPartOf\":{\"@id\":\"https:\/\/turismoenzamora.es\/la-diputacion-de-zamora-acompana-a-antonio-pedrero-en-madrid-en-la-inauguracion-de-su-exposicion-antologica-1952-2026\/\"},\"author\":{\"name\":\"Turismo en Zamora\",\"@id\":\"https:\/\/turismoenzamora.es\/pt\/#\/schema\/person\/a93a3987cc8719e351d9c4dcf422b21c\"},\"headline\":\"La Diputaci\u00f3n de Zamora acompa\u00f1a a Antonio Pedrero en Madrid en la inauguraci\u00f3n de su exposici\u00f3n \u2018ANTOL\u00d3GICA 1952-2026\u2019\",\"datePublished\":\"2026-09-04T12:07:07+00:00\",\"dateModified\":\"2026-09-04T12:07:37+00:00\",\"mainEntityOfPage\":{\"@id\":\"https:\/\/turismoenzamora.es\/la-diputacion-de-zamora-acompana-a-antonio-pedrero-en-madrid-en-la-inauguracion-de-su-exposicion-antologica-1952-2026\/\"},\"wordCount\":777,\"publisher\":{\"@id\":\"https:\/\/turismoenzamora.es\/pt\/#organization\"},\"image\":{\"@id\":\"https:\/\/turismoenzamora.es\/la-diputacion-de-zamora-acompana-a-antonio-pedrero-en-madrid-en-la-inauguracion-de-su-exposicion-antologica-1952-2026\/#primaryimage\"},\"thumbnailUrl\":\"https:\/\/turismoenzamora.es\/wp-content\/uploads\/2026\/09\/Inauguracion-Exposicion-Antonio-Pedrero-en-Madrid.jpg_1393830151.jpg\",\"articleSection\":[\"DESTACADOS\"],\"inLanguage\":\"zh-CN\"},{\"@type\":\"WebPage\",\"@id\":\"https:\/\/turismoenzamora.es\/la-diputacion-de-zamora-acompana-a-antonio-pedrero-en-madrid-en-la-inauguracion-de-su-exposicion-antologica-1952-2026\/\",\"url\":\"https:\/\/turismoenzamora.es\/la-diputacion-de-zamora-acompana-a-antonio-pedrero-en-madrid-en-la-inauguracion-de-su-exposicion-antologica-1952-2026\/\",\"name\":\"Turismo de Zamora Patronato de Turismo de la Diputaci\u00f3n de Zamora\",\"isPartOf\":{\"@id\":\"https:\/\/turismoenzamora.es\/pt\/#website\"},\"primaryImageOfPage\":{\"@id\":\"https:\/\/turismoenzamora.es\/la-diputacion-de-zamora-acompana-a-antonio-pedrero-en-madrid-en-la-inauguracion-de-su-exposicion-antologica-1952-2026\/#primaryimage\"},\"image\":{\"@id\":\"https:\/\/turismoenzamora.es\/la-diputacion-de-zamora-acompana-a-antonio-pedrero-en-madrid-en-la-inauguracion-de-su-exposicion-antologica-1952-2026\/#primaryimage\"},\"thumbnailUrl\":\"https:\/\/turismoenzamora.es\/wp-content\/uploads\/2026\/09\/Inauguracion-Exposicion-Antonio-Pedrero-en-Madrid.jpg_1393830151.jpg\",\"datePublished\":\"2026-09-04T12:07:07+00:00\",\"dateModified\":\"2026-09-04T12:07:37+00:00\",\"description\":\"Esta es la p\u00e1gina Oficial de Turismo de Diputaci\u00f3n de Zamora, \\\"Turismo Sostenible\\\", donde podr\u00e1 encontrar toda la informaci\u00f3n para disfrutar al m\u00e1ximo de nuestra provincia.\",\"breadcrumb\":{\"@id\":\"https:\/\/turismoenzamora.es\/la-diputacion-de-zamora-acompana-a-antonio-pedrero-en-madrid-en-la-inauguracion-de-su-exposicion-antologica-1952-2026\/#breadcrumb\"},\"inLanguage\":\"zh-CN\",\"potentialAction\":[{\"@type\":\"ReadAction\",\"target\":[\"https:\/\/turismoenzamora.es\/la-diputacion-de-zamora-acompana-a-antonio-pedrero-en-madrid-en-la-inauguracion-de-su-exposicion-antologica-1952-2026\/\"]}]},{\"@type\":\"ImageObject\",\"inLanguage\":\"zh-CN\",\"@id\":\"https:\/\/turismoenzamora.es\/la-diputacion-de-zamora-acompana-a-antonio-pedrero-en-madrid-en-la-inauguracion-de-su-exposicion-antologica-1952-2026\/#primaryimage\",\"url\":\"https:\/\/turismoenzamora.es\/wp-content\/uploads\/2026\/09\/Inauguracion-Exposicion-Antonio-Pedrero-en-Madrid.jpg_1393830151.jpg\",\"contentUrl\":\"https:\/\/turismoenzamora.es\/wp-content\/uploads\/2026\/09\/Inauguracion-Exposicion-Antonio-Pedrero-en-Madrid.jpg_1393830151.jpg\",\"width\":1428,\"height\":714},{\"@type\":\"BreadcrumbList\",\"@id\":\"https:\/\/turismoenzamora.es\/la-diputacion-de-zamora-acompana-a-antonio-pedrero-en-madrid-en-la-inauguracion-de-su-exposicion-antologica-1952-2026\/#breadcrumb\",\"itemListElement\":[{\"@type\":\"ListItem\",\"position\":1,\"name\":\"Portada\",\"item\":\"https:\/\/turismoenzamora.es\/\"},{\"@type\":\"ListItem\",\"position\":2,\"name\":\"La Diputaci\u00f3n de Zamora acompa\u00f1a a Antonio Pedrero en Madrid en la inauguraci\u00f3n de su exposici\u00f3n \u2018ANTOL\u00d3GICA 1952-2026\u2019\"}]},{\"@type\":\"WebSite\",\"@id\":\"https:\/\/turismoenzamora.es\/pt\/#website\",\"url\":\"https:\/\/turismoenzamora.es\/pt\/\",\"name\":\"Turismo sostenible. Patronato de Turismo de la Diputaci\u00f3n de Zamora.&quot;Turismo Sostenible&quot;.\",\"description\":\"(Espa\u00f1ol) Turismo sostenible. Patronato de Turismo de la Diputaci\u00f3n de Zamora.&quot;Turismo Sostenible&quot;.\",\"publisher\":{\"@id\":\"https:\/\/turismoenzamora.es\/pt\/#organization\"},\"potentialAction\":[{\"@type\":\"SearchAction\",\"target\":{\"@type\":\"EntryPoint\",\"urlTemplate\":\"https:\/\/turismoenzamora.es\/pt\/?s={search_term_string}\"},\"query-input\":\"required name=search_term_string\"}],\"inLanguage\":\"zh-CN\"},{\"@type\":\"Organization\",\"@id\":\"https:\/\/turismoenzamora.es\/pt\/#organization\",\"name\":\"Patronato de Turismo de la Diputaci\u00f3n de Zamora\",\"url\":\"https:\/\/turismoenzamora.es\/pt\/\",\"logo\":{\"@type\":\"ImageObject\",\"inLanguage\":\"zh-CN\",\"@id\":\"https:\/\/turismoenzamora.es\/pt\/#\/schema\/logo\/image\/\",\"url\":\"https:\/\/turismoenzamora.es\/wp-content\/uploads\/2018\/06\/ZamoraLogo.png\",\"contentUrl\":\"https:\/\/turismoenzamora.es\/wp-content\/uploads\/2018\/06\/ZamoraLogo.png\",\"width\":1276,\"height\":290,\"caption\":\"Patronato de Turismo de la Diputaci\u00f3n de Zamora\"},\"image\":{\"@id\":\"https:\/\/turismoenzamora.es\/pt\/#\/schema\/logo\/image\/\"},\"sameAs\":[\"https:\/\/www.facebook.com\/ZamoraSpain\/\",\"https:\/\/x.com\/ZamoraSpain\",\"https:\/\/www.instagram.com\/turismoenzamora.es\/\",\"https:\/\/www.pinterest.es\/TurismoenZamora\/\",\"https:\/\/www.youtube.com\/channel\/UC2bOyOZ-2cLm-uXlBFYUV9w\"]},{\"@type\":\"Person\",\"@id\":\"https:\/\/turismoenzamora.es\/pt\/#\/schema\/person\/a93a3987cc8719e351d9c4dcf422b21c\",\"name\":\"Turismo en Zamora\",\"url\":\"https:\/\/turismoenzamora.es\/zh\/author\/null_n8f4zngb\/\"}]}<\/script>\n<!-- \/ Yoast SEO plugin. -->","yoast_head_json":{"title":"Turismo de Zamora Patronato de Turismo de la Diputaci\u00f3n de Zamora","description":"Esta es la p\u00e1gina Oficial de Turismo de Diputaci\u00f3n de Zamora, \"Turismo Sostenible\", donde podr\u00e1 encontrar toda la informaci\u00f3n para disfrutar al m\u00e1ximo de nuestra provincia.","robots":{"index":"index","follow":"follow","max-snippet":"max-snippet:-1","max-image-preview":"max-image-preview:large","max-video-preview":"max-video-preview:-1"},"canonical":"https:\/\/turismoenzamora.es\/la-diputacion-de-zamora-acompana-a-antonio-pedrero-en-madrid-en-la-inauguracion-de-su-exposicion-antologica-1952-2026\/","og_locale":"zh_CN","og_type":"article","og_title":"Turismo de Zamora Patronato de Turismo de la Diputaci\u00f3n de Zamora","og_description":"Esta es la p\u00e1gina Oficial de Turismo de Diputaci\u00f3n de Zamora, \"Turismo Sostenible\", donde podr\u00e1 encontrar toda la informaci\u00f3n para disfrutar al m\u00e1ximo de nuestra provincia.","og_url":"https:\/\/turismoenzamora.es\/la-diputacion-de-zamora-acompana-a-antonio-pedrero-en-madrid-en-la-inauguracion-de-su-exposicion-antologica-1952-2026\/","og_site_name":"(Espa\u00f1ol) Turismo sostenible. Patronato de Turismo de la Diputaci\u00f3n de Zamora.&quot;Turismo Sostenible&quot;.","article_publisher":"https:\/\/www.facebook.com\/ZamoraSpain\/","article_published_time":"2026-09-04T12:07:07+00:00","article_modified_time":"2026-09-04T12:07:37+00:00","og_image":[{"width":1428,"height":714,"url":"https:\/\/turismoenzamora.es\/wp-content\/uploads\/2026\/09\/Inauguracion-Exposicion-Antonio-Pedrero-en-Madrid.jpg_1393830151.jpg","type":"image\/jpeg"}],"author":"Turismo en Zamora","twitter_card":"summary_large_image","twitter_creator":"@ZamoraSpain","twitter_site":"@ZamoraSpain","twitter_misc":{"\u4f5c\u8005":"Turismo en Zamora","\u9884\u8ba1\u9605\u8bfb\u65f6\u95f4":"4\u5206"},"schema":{"@context":"https:\/\/schema.org","@graph":[{"@type":"Article","@id":"https:\/\/turismoenzamora.es\/la-diputacion-de-zamora-acompana-a-antonio-pedrero-en-madrid-en-la-inauguracion-de-su-exposicion-antologica-1952-2026\/#article","isPartOf":{"@id":"https:\/\/turismoenzamora.es\/la-diputacion-de-zamora-acompana-a-antonio-pedrero-en-madrid-en-la-inauguracion-de-su-exposicion-antologica-1952-2026\/"},"author":{"name":"Turismo en Zamora","@id":"https:\/\/turismoenzamora.es\/pt\/#\/schema\/person\/a93a3987cc8719e351d9c4dcf422b21c"},"headline":"La Diputaci\u00f3n de Zamora acompa\u00f1a a Antonio Pedrero en Madrid en la inauguraci\u00f3n de su exposici\u00f3n \u2018ANTOL\u00d3GICA 1952-2026\u2019","datePublished":"2026-09-04T12:07:07+00:00","dateModified":"2026-09-04T12:07:37+00:00","mainEntityOfPage":{"@id":"https:\/\/turismoenzamora.es\/la-diputacion-de-zamora-acompana-a-antonio-pedrero-en-madrid-en-la-inauguracion-de-su-exposicion-antologica-1952-2026\/"},"wordCount":777,"publisher":{"@id":"https:\/\/turismoenzamora.es\/pt\/#organization"},"image":{"@id":"https:\/\/turismoenzamora.es\/la-diputacion-de-zamora-acompana-a-antonio-pedrero-en-madrid-en-la-inauguracion-de-su-exposicion-antologica-1952-2026\/#primaryimage"},"thumbnailUrl":"https:\/\/turismoenzamora.es\/wp-content\/uploads\/2026\/09\/Inauguracion-Exposicion-Antonio-Pedrero-en-Madrid.jpg_1393830151.jpg","articleSection":["DESTACADOS"],"inLanguage":"zh-CN"},{"@type":"WebPage","@id":"https:\/\/turismoenzamora.es\/la-diputacion-de-zamora-acompana-a-antonio-pedrero-en-madrid-en-la-inauguracion-de-su-exposicion-antologica-1952-2026\/","url":"https:\/\/turismoenzamora.es\/la-diputacion-de-zamora-acompana-a-antonio-pedrero-en-madrid-en-la-inauguracion-de-su-exposicion-antologica-1952-2026\/","name":"Turismo de Zamora Patronato de Turismo de la Diputaci\u00f3n de Zamora","isPartOf":{"@id":"https:\/\/turismoenzamora.es\/pt\/#website"},"primaryImageOfPage":{"@id":"https:\/\/turismoenzamora.es\/la-diputacion-de-zamora-acompana-a-antonio-pedrero-en-madrid-en-la-inauguracion-de-su-exposicion-antologica-1952-2026\/#primaryimage"},"image":{"@id":"https:\/\/turismoenzamora.es\/la-diputacion-de-zamora-acompana-a-antonio-pedrero-en-madrid-en-la-inauguracion-de-su-exposicion-antologica-1952-2026\/#primaryimage"},"thumbnailUrl":"https:\/\/turismoenzamora.es\/wp-content\/uploads\/2026\/09\/Inauguracion-Exposicion-Antonio-Pedrero-en-Madrid.jpg_1393830151.jpg","datePublished":"2026-09-04T12:07:07+00:00","dateModified":"2026-09-04T12:07:37+00:00","description":"Esta es la p\u00e1gina Oficial de Turismo de Diputaci\u00f3n de Zamora, \"Turismo Sostenible\", donde podr\u00e1 encontrar toda la informaci\u00f3n para disfrutar al m\u00e1ximo de nuestra provincia.","breadcrumb":{"@id":"https:\/\/turismoenzamora.es\/la-diputacion-de-zamora-acompana-a-antonio-pedrero-en-madrid-en-la-inauguracion-de-su-exposicion-antologica-1952-2026\/#breadcrumb"},"inLanguage":"zh-CN","potentialAction":[{"@type":"ReadAction","target":["https:\/\/turismoenzamora.es\/la-diputacion-de-zamora-acompana-a-antonio-pedrero-en-madrid-en-la-inauguracion-de-su-exposicion-antologica-1952-2026\/"]}]},{"@type":"ImageObject","inLanguage":"zh-CN","@id":"https:\/\/turismoenzamora.es\/la-diputacion-de-zamora-acompana-a-antonio-pedrero-en-madrid-en-la-inauguracion-de-su-exposicion-antologica-1952-2026\/#primaryimage","url":"https:\/\/turismoenzamora.es\/wp-content\/uploads\/2026\/09\/Inauguracion-Exposicion-Antonio-Pedrero-en-Madrid.jpg_1393830151.jpg","contentUrl":"https:\/\/turismoenzamora.es\/wp-content\/uploads\/2026\/09\/Inauguracion-Exposicion-Antonio-Pedrero-en-Madrid.jpg_1393830151.jpg","width":1428,"height":714},{"@type":"BreadcrumbList","@id":"https:\/\/turismoenzamora.es\/la-diputacion-de-zamora-acompana-a-antonio-pedrero-en-madrid-en-la-inauguracion-de-su-exposicion-antologica-1952-2026\/#breadcrumb","itemListElement":[{"@type":"ListItem","position":1,"name":"Portada","item":"https:\/\/turismoenzamora.es\/"},{"@type":"ListItem","position":2,"name":"La Diputaci\u00f3n de Zamora acompa\u00f1a a Antonio Pedrero en Madrid en la inauguraci\u00f3n de su exposici\u00f3n \u2018ANTOL\u00d3GICA 1952-2026\u2019"}]},{"@type":"WebSite","@id":"https:\/\/turismoenzamora.es\/pt\/#website","url":"https:\/\/turismoenzamora.es\/pt\/","name":"Turismo sostenible. Patronato de Turismo de la Diputaci\u00f3n de Zamora.&quot;Turismo Sostenible&quot;.","description":"(Espa\u00f1ol) Turismo sostenible. Patronato de Turismo de la Diputaci\u00f3n de Zamora.&quot;Turismo Sostenible&quot;.","publisher":{"@id":"https:\/\/turismoenzamora.es\/pt\/#organization"},"potentialAction":[{"@type":"SearchAction","target":{"@type":"EntryPoint","urlTemplate":"https:\/\/turismoenzamora.es\/pt\/?s={search_term_string}"},"query-input":"required name=search_term_string"}],"inLanguage":"zh-CN"},{"@type":"Organization","@id":"https:\/\/turismoenzamora.es\/pt\/#organization","name":"Patronato de Turismo de la Diputaci\u00f3n de Zamora","url":"https:\/\/turismoenzamora.es\/pt\/","logo":{"@type":"ImageObject","inLanguage":"zh-CN","@id":"https:\/\/turismoenzamora.es\/pt\/#\/schema\/logo\/image\/","url":"https:\/\/turismoenzamora.es\/wp-content\/uploads\/2018\/06\/ZamoraLogo.png","contentUrl":"https:\/\/turismoenzamora.es\/wp-content\/uploads\/2018\/06\/ZamoraLogo.png","width":1276,"height":290,"caption":"Patronato de Turismo de la Diputaci\u00f3n de Zamora"},"image":{"@id":"https:\/\/turismoenzamora.es\/pt\/#\/schema\/logo\/image\/"},"sameAs":["https:\/\/www.facebook.com\/ZamoraSpain\/","https:\/\/x.com\/ZamoraSpain","https:\/\/www.instagram.com\/turismoenzamora.es\/","https:\/\/www.pinterest.es\/TurismoenZamora\/","https:\/\/www.youtube.com\/channel\/UC2bOyOZ-2cLm-uXlBFYUV9w"]},{"@type":"Person","@id":"https:\/\/turismoenzamora.es\/pt\/#\/schema\/person\/a93a3987cc8719e351d9c4dcf422b21c","name":"Turismo en Zamora","url":"https:\/\/turismoenzamora.es\/zh\/author\/null_n8f4zngb\/"}]}},"_links":{"self":[{"href":"https:\/\/turismoenzamora.es\/zh\/wp-json\/wp\/v2\/posts\/24447"}],"collection":[{"href":"https:\/\/turismoenzamora.es\/zh\/wp-json\/wp\/v2\/posts"}],"about":[{"href":"https:\/\/turismoenzamora.es\/zh\/wp-json\/wp\/v2\/types\/post"}],"author":[{"embeddable":true,"href":"https:\/\/turismoenzamora.es\/zh\/wp-json\/wp\/v2\/users\/1"}],"replies":[{"embeddable":true,"href":"https:\/\/turismoenzamora.es\/zh\/wp-json\/wp\/v2\/comments?post=24447"}],"version-history":[{"count":2,"href":"https:\/\/turismoenzamora.es\/zh\/wp-json\/wp\/v2\/posts\/24447\/revisions"}],"predecessor-version":[{"id":24451,"href":"https:\/\/turismoenzamora.es\/zh\/wp-json\/wp\/v2\/posts\/24447\/revisions\/24451"}],"wp:featuredmedia":[{"embeddable":true,"href":"https:\/\/turismoenzamora.es\/zh\/wp-json\/wp\/v2\/media\/24449"}],"wp:attachment":[{"href":"https:\/\/turismoenzamora.es\/zh\/wp-json\/wp\/v2\/media?parent=24447"}],"wp:term":[{"taxonomy":"category","embeddable":true,"href":"https:\/\/turismoenzamora.es\/zh\/wp-json\/wp\/v2\/categories?post=24447"},{"taxonomy":"post_tag","embeddable":true,"href":"https:\/\/turismoenzamora.es\/zh\/wp-json\/wp\/v2\/tags?post=24447"}],"curies":[{"name":"wp","href":"https:\/\/api.w.org\/{rel}","templated":true}]}}