{"id":24452,"date":"2026-09-04T14:09:33","date_gmt":"2026-09-04T12:09:33","guid":{"rendered":"https:\/\/turismoenzamora.es\/?p=24452"},"modified":"2026-09-04T14:09:34","modified_gmt":"2026-09-04T12:09:34","slug":"fromago-2026-culmina-en-madrid-su-gira-promocional-con-309-expositores-443-stands-y-45-importadores-de-23-paises","status":"publish","type":"post","link":"https:\/\/turismoenzamora.es\/de\/fromago-2026-culmina-en-madrid-su-gira-promocional-con-309-expositores-443-stands-y-45-importadores-de-23-paises\/","title":{"rendered":"FROMAGO 2026 culmina en Madrid su gira promocional con 309 expositores, 443 stands y 45 importadores de 23 pa\u00edses"},"content":{"rendered":"\n<p><strong>Javier Fa\u00fandez ha presentado hoy en la Casa de Zamora la tercera edici\u00f3n de la feria, que se celebrar\u00e1 del 17 al 20 de septiembre, y que consolida su dimensi\u00f3n internacional como escaparate del sector quesero y l\u00e1cteo.<\/strong><\/p>\n\n\n\n<p>La tercera edici\u00f3n de FROMAGO Cheese Experience 2026 ha culminado hoy en Madrid su gira promocional con una presentaci\u00f3n celebrada en la Casa de Zamora, que ha reunido a representantes de las principales instituciones, del sector empresarial, tur\u00edstico y agroalimentario, as\u00ed como a medios de comunicaci\u00f3n y profesionales vinculados al mundo del queso.<\/p>\n\n\n\n<p>El acto ha contado con la presencia de la vicepresidenta de la Junta de Castilla y Le\u00f3n, Isabel Blanco, una representaci\u00f3n que pone de manifiesto el respaldo de la Administraci\u00f3n auton\u00f3mica a una iniciativa que aspira a seguir situando a Zamora y a Castilla y Le\u00f3n como referentes mundiales en el \u00e1mbito de la industria quesera y l\u00e1ctea.<\/p>\n\n\n\n<p>Junto a Isabel Blanco han participado en la presentaci\u00f3n el viceconsejero de Presidencia y Administraci\u00f3n Local de la Comunidad de Madrid, Jos\u00e9 Antonio S\u00e1nchez; los vicepresidentes de la Diputaci\u00f3n de Zamora, V\u00edctor L\u00f3pez de la Parte, Ramiro Silva Monterrubio y Amaranta Rat\u00f3n Fresno, entre otras autoridades; la presidenta de la Casa de Zamora en Madrid, Mari Luz U\u00f1a; parlamentarios nacionales; representantes del mundo empresarial y del sector tur\u00edstico; medios de comunicaci\u00f3n y profesionales y amigos del sector quesero.<\/p>\n\n\n\n<p>El presidente de la Diputaci\u00f3n de Zamora, Javier Fa\u00fandez Dom\u00ednguez, junto a la presidenta de la Escuela Internacional de Industrias L\u00e1cteas (EILZA), Sara Fregeneda, ha sido el encargado de presentar en Madrid esta tercera edici\u00f3n de FROMAGO, en un acto que ha definido como especialmente significativo por celebrarse en la Casa de Zamora, \u201cla embajada de la provincia en la capital de Espa\u00f1a\u201d.<\/p>\n\n\n\n<p>Javier Fa\u00fandez ha agradecido a Mari Luz U\u00f1a y a toda la Junta Directiva de la Casa de Zamora las facilidades para hacer posible esta presentaci\u00f3n y ha destacado la importancia de cerrar en Madrid el recorrido promocional desarrollado durante los \u00faltimos meses.<\/p>\n\n\n\n<h4 class=\"wp-block-heading\"><strong>EL \u201cCAMINO DE FROMAGO\u201d LLEGA A MADRID<\/strong><\/h4>\n\n\n\n<p>La presentaci\u00f3n en la capital de Espa\u00f1a supone el broche final al denominado \u201cCamino de Fromago\u201d, una gira de acciones promocionales que durante este a\u00f1o ha llevado la imagen y el esp\u00edritu de la feria a diferentes puntos estrat\u00e9gicos de Espa\u00f1a y Portugal.<\/p>\n\n\n\n<p>M\u00e1laga (Feria Sabores), Oviedo (La Nueva Espa\u00f1a), Silleda (Pontevedra, Semana Verde de Galicia), Salamanca, Valladolid y Braganza han formado parte de este recorrido promocional, que ha permitido estrechar relaciones con profesionales, instituciones, empresas y medios de comunicaci\u00f3n y reforzar el conocimiento de FROMAGO en mercados estrat\u00e9gicos.<\/p>\n\n\n\n<p>El presidente de la Diputaci\u00f3n ha destacado que esta estrategia ten\u00eda como principales objetivos incrementar la notoriedad de la feria, ampliar su capacidad de atracci\u00f3n y generar nuevas oportunidades para los productores y empresas participantes.<\/p>\n\n\n\n<p>\u201cCon esta gira hemos buscado estrechar lazos con profesionales, instituciones y medios de comunicaci\u00f3n, e incrementar la notoriedad de FROMAGO en mercados estrat\u00e9gicos y seguir ampliando la capacidad de atracci\u00f3n. Y podemos decir que hemos cumplido los objetivos\u201d, ha se\u00f1alado.<\/p>\n\n\n\n<h4 class=\"wp-block-heading\"><strong>309 EXPOSITORES Y M\u00c1S DE 40.000 METROS CUADRADOS<\/strong><\/h4>\n\n\n\n<p>El cumplimiento de esos objetivos se refleja en las cifras de esta tercera edici\u00f3n.<\/p>\n\n\n\n<p>FROMAGO 2026 contar\u00e1 finalmente con 309 expositores, de los cuales el 82 por ciento pertenecen al sector quesero y l\u00e1cteo.<\/p>\n\n\n\n<p>La feria dispondr\u00e1 de 443 stands comerciales y m\u00e1s de 500 carpas, distribuidos a lo largo de un recorrido urbano de tres kil\u00f3metros, con una superficie ferial que supera los 40.000 metros cuadrados.<\/p>\n\n\n\n<p>Estos datos permiten superar las previsiones marcadas tras la edici\u00f3n de 2024, cuando la Diputaci\u00f3n se plante\u00f3 como objetivos superar los 300 expositores y alcanzar los 400 stands.<\/p>\n\n\n\n<div class=\"wp-block-columns is-layout-flex wp-container-core-columns-layout-1 wp-block-columns-is-layout-flex\">\n<div class=\"wp-block-column is-layout-flow wp-block-column-is-layout-flow\" style=\"flex-basis:33.33%\">\n<p>\u201cHoy podemos decir que hemos cumplido ese objetivo\u201d, ha subrayado Fa\u00fandez.<\/p>\n\n\n\n<p>Pero, m\u00e1s all\u00e1 de las cifras, el presidente provincial ha puesto de relieve la evoluci\u00f3n experimentada por FROMAGO desde su primera edici\u00f3n. En esta tercera convocatoria, todos los espacios disponibles est\u00e1n ocupados y la organizaci\u00f3n cuenta incluso con una lista de espera de empresas interesadas en participar.<\/p>\n<\/div>\n\n\n\n<div class=\"wp-block-column is-layout-flow wp-block-column-is-layout-flow\" style=\"flex-basis:66.66%\">\n<figure class=\"wp-block-image size-full\"><img fetchpriority=\"high\" decoding=\"async\" width=\"570\" height=\"295\" src=\"https:\/\/turismoenzamora.es\/wp-content\/uploads\/2026\/09\/Presentacion-Formago-2026-en-Madrid2.jpg_1905149878.jpg\" alt=\"\" class=\"wp-image-24453\" srcset=\"https:\/\/turismoenzamora.es\/wp-content\/uploads\/2026\/09\/Presentacion-Formago-2026-en-Madrid2.jpg_1905149878.jpg 570w, https:\/\/turismoenzamora.es\/wp-content\/uploads\/2026\/09\/Presentacion-Formago-2026-en-Madrid2.jpg_1905149878-300x155.jpg 300w\" sizes=\"(max-width: 570px) 100vw, 570px\" \/><\/figure>\n<\/div>\n<\/div>\n\n\n\n<h4 class=\"wp-block-heading\"><strong>M\u00c1S PRESENCIA INTERNACIONAL Y NUEVAS OPORTUNIDADES DE NEGOCIO<\/strong><\/h4>\n\n\n\n<p>La dimensi\u00f3n internacional constituye otro de los grandes pilares de FROMAGO 2026.<\/p>\n\n\n\n<p>La feria contar\u00e1 con m\u00e1s de 40 stands de queseros internacionales, con productores procedentes de distintos pa\u00edses, reforzando la presencia exterior de una cita que aspira a convertirse en un punto de encuentro de referencia para el sector.<\/p>\n\n\n\n<p>La internacionalizaci\u00f3n se refleja igualmente en las misiones comerciales. Ya est\u00e1 confirmada la participaci\u00f3n de 45 importadores procedentes de 23 pa\u00edses, frente a las 32 delegaciones internacionales que participaron en la edici\u00f3n anterior.<\/p>\n\n\n\n<p>Para Javier Fa\u00fandez, este crecimiento confirma que FROMAGO debe ser entendida no solo como una feria abierta al p\u00fablico, sino como una herramienta de promoci\u00f3n econ\u00f3mica, internacionalizaci\u00f3n y apertura de mercados.<\/p>\n\n\n\n<p>\u201cQueremos que FROMAGO abra mercados, facilite acuerdos comerciales y permita que nuestras queser\u00edas y nuestros productores encuentren nuevas oportunidades de negocio\u201d, ha afirmado.<\/p>\n\n\n\n<p>El objetivo es que la actividad generada durante los cuatro d\u00edas de feria tenga continuidad y se traduzca en nuevos contactos comerciales, acuerdos y posibilidades de crecimiento para las empresas participantes.<\/p>\n\n\n\n<h4 class=\"wp-block-heading\"><strong>M\u00c1S DE 300.000 VISITANTES Y 14 MILLONES DE EUROS DE NEGOCIO EN 2024<\/strong><\/h4>\n\n\n\n<p>La tercera edici\u00f3n parte adem\u00e1s de los extraordinarios resultados obtenidos en FROMAGO 2024.<\/p>\n\n\n\n<p>La anterior edici\u00f3n registr\u00f3 m\u00e1s de 300.000 visitantes, m\u00e1s de 170.000 kilos de queso vendidos y un volumen de negocio superior a los 14 millones de euros.<\/p>\n\n\n\n<p>Asimismo, alcanz\u00f3 un impacto publicitario estimado en 1,2 millones de euros y m\u00e1s de 8.000 visitantes en las galer\u00edas del queso.<\/p>\n\n\n\n<p>Sobre esta base, FROMAGO 2026 pretende continuar creciendo, pero especialmente avanzar en profesionalizaci\u00f3n, internacionalizaci\u00f3n y generaci\u00f3n de oportunidades para las empresas.<\/p>\n\n\n\n<p>\u201cFROMAGO ha crecido un 30 por ciento respecto a la edici\u00f3n anterior, pero queremos que crezca tambi\u00e9n en profesionalizaci\u00f3n, en internacionalizaci\u00f3n y en oportunidades para las empresas\u201d, ha se\u00f1alado el presidente de la Diputaci\u00f3n.<\/p>\n\n\n\n<h4 class=\"wp-block-heading\"><strong>UNA FERIA INTERNACIONAL, PERO PROFUNDAMENTE ZAMORANA<\/strong><\/h4>\n\n\n\n<p>Uno de los aspectos destacados por Javier Fa\u00fandez durante la presentaci\u00f3n ha sido el retorno que la celebraci\u00f3n de FROMAGO genera en la propia provincia.<\/p>\n\n\n\n<p>M\u00e1s del 90 por ciento de los proveedores y colaboradores de la feria son empresas zamoranas, una circunstancia que demuestra la capacidad del proyecto para movilizar al tejido empresarial de la provincia.<\/p>\n\n\n\n<p>\u201cEs una feria internacional, s\u00ed, pero profundamente zamorana\u201d, ha remarcado el presidente.<\/p>\n\n\n\n<p>A este respecto, Javier Fa\u00fandez ha defendido que FROMAGO representa una oportunidad para proyectar Zamora hacia el exterior y, al mismo tiempo, devolver actividad econ\u00f3mica a la provincia.<\/p>\n\n\n\n<p>\u201cFROMAGO proyecta Zamora hacia fuera, pero al mismo tiempo devuelve actividad, empleo, conocimiento y oportunidades a nuestra provincia\u201d, ha afirmado.<\/p>\n\n\n\n<p>Esta doble dimensi\u00f3n, exterior e interior, convierte a FROMAGO en una herramienta estrat\u00e9gica para la promoci\u00f3n de Zamora, de sus productos agroalimentarios y de sus empresas.<\/p>\n\n\n\n<h4 class=\"wp-block-heading\"><strong>RECONOCIMIENTO A LAS INSTITUCIONES, PATROCINADORES Y COLABORADORES<\/strong><\/h4>\n\n\n\n<p>Durante su intervenci\u00f3n, el presidente de la Diputaci\u00f3n ha agradecido expresamente la colaboraci\u00f3n de todas las instituciones, patrocinadores y entidades que han contribuido a hacer posible esta tercera edici\u00f3n.<\/p>\n\n\n\n<p>Ha tenido una menci\u00f3n especial para la Escuela Internacional de Industrias L\u00e1cteas (EILZA), por su capacidad, compromiso e implicaci\u00f3n con un proyecto que trasciende la propia celebraci\u00f3n de la feria.<\/p>\n\n\n\n<p>Javier Fa\u00fandez ha destacado que FROMAGO constituye una herramienta para contribuir al futuro del sector quesero y l\u00e1cteo, generando espacios de encuentro, formaci\u00f3n, promoci\u00f3n, comercializaci\u00f3n e internacionalizaci\u00f3n.<\/p>\n\n\n\n<h4 class=\"wp-block-heading\"><strong>LA CUENTA ATR\u00c1S DEFINITIVA COMIENZA<\/strong><\/h4>\n\n\n\n<p>Con la presentaci\u00f3n celebrada hoy en Madrid concluye el \u201cCamino de Fromago\u201d y comienza la cuenta atr\u00e1s definitiva para la celebraci\u00f3n de FROMAGO Cheese Experience 2026.<\/p>\n\n\n\n<p>Del 17 al 20 de septiembre, Zamora volver\u00e1 a convertirse en punto de encuentro para productores, queseros, profesionales, empresas, distribuidores, importadores y visitantes.<\/p>\n\n\n\n<p>As\u00ed, el presidente de la Diputaci\u00f3n ha animado a todos ellos a acudir a la capital zamorana y participar en una tercera edici\u00f3n que llega con m\u00e1s expositores, m\u00e1s presencia internacional, mayor superficie y una creciente dimensi\u00f3n profesional.<\/p>\n\n\n\n<p>\u201cEl Camino de Fromago termina hoy, pero ahora comienza la cuenta atr\u00e1s definitiva. Del 17 al 20 de septiembre, Zamora volver\u00e1 a convertirse en la capital del queso\u201d, ha recalcado Javier Fa\u00fandez.<\/p>\n\n\n\n<p>El presidente provincial ha cerrado su intervenci\u00f3n invitando a todos a disfrutar de esta nueva edici\u00f3n: \u201cOs esperamos con las puertas abiertas en FROMAGO Cheese Experience 2026\u201d.<\/p>\n","protected":false},"excerpt":{"rendered":"<p>Javier Fa\u00fandez ha presentado hoy en la Casa de Zamora la tercera edici\u00f3n de la feria, que se celebrar\u00e1 del 17 al 20 de septiembre, y que consolida su dimensi\u00f3n internacional como escaparate del sector quesero y l\u00e1cteo. La tercera edici\u00f3n de FROMAGO Cheese Experience 2026 ha culminado hoy en Madrid su gira promocional con [&hellip;]<\/p>\n","protected":false},"author":1,"featured_media":24454,"comment_status":"closed","ping_status":"closed","sticky":false,"template":"","format":"aside","meta":{"inline_featured_image":false,"site-sidebar-layout":"default","site-content-layout":"","ast-site-content-layout":"default","site-content-style":"default","site-sidebar-style":"default","ast-global-header-display":"","ast-banner-title-visibility":"","ast-main-header-display":"","ast-hfb-above-header-display":"","ast-hfb-below-header-display":"","ast-hfb-mobile-header-display":"","site-post-title":"","ast-breadcrumbs-content":"","ast-featured-img":"","footer-sml-layout":"","theme-transparent-header-meta":"","adv-header-id-meta":"","stick-header-meta":"","header-above-stick-meta":"","header-main-stick-meta":"","header-below-stick-meta":"","astra-migrate-meta-layouts":"set","ast-page-background-enabled":"default","ast-page-background-meta":{"desktop":{"background-color":"","background-image":"","background-repeat":"repeat","background-position":"center center","background-size":"auto","background-attachment":"scroll","background-type":"","background-media":"","overlay-type":"","overlay-color":"","overlay-opacity":"","overlay-gradient":""},"tablet":{"background-color":"","background-image":"","background-repeat":"repeat","background-position":"center center","background-size":"auto","background-attachment":"scroll","background-type":"","background-media":"","overlay-type":"","overlay-color":"","overlay-opacity":"","overlay-gradient":""},"mobile":{"background-color":"","background-image":"","background-repeat":"repeat","background-position":"center center","background-size":"auto","background-attachment":"scroll","background-type":"","background-media":"","overlay-type":"","overlay-color":"","overlay-opacity":"","overlay-gradient":""}},"ast-content-background-meta":{"desktop":{"background-color":"var(--ast-global-color-5)","background-image":"","background-repeat":"repeat","background-position":"center center","background-size":"auto","background-attachment":"scroll","background-type":"","background-media":"","overlay-type":"","overlay-color":"","overlay-opacity":"","overlay-gradient":""},"tablet":{"background-color":"var(--ast-global-color-5)","background-image":"","background-repeat":"repeat","background-position":"center center","background-size":"auto","background-attachment":"scroll","background-type":"","background-media":"","overlay-type":"","overlay-color":"","overlay-opacity":"","overlay-gradient":""},"mobile":{"background-color":"var(--ast-global-color-5)","background-image":"","background-repeat":"repeat","background-position":"center center","background-size":"auto","background-attachment":"scroll","background-type":"","background-media":"","overlay-type":"","overlay-color":"","overlay-opacity":"","overlay-gradient":""}},"ngg_post_thumbnail":0,"footnotes":""},"categories":[9],"tags":[],"yoast_head":"<!-- This site is optimized with the Yoast SEO plugin v23.0 - https:\/\/yoast.com\/wordpress\/plugins\/seo\/ -->\n<title>Turismo de Zamora Patronato de Turismo de la Diputaci\u00f3n de Zamora<\/title>\n<meta name=\"description\" content=\"Esta es la p\u00e1gina Oficial de Turismo de Diputaci\u00f3n de Zamora, &quot;Turismo Sostenible&quot;, donde podr\u00e1 encontrar toda la informaci\u00f3n para disfrutar al m\u00e1ximo de nuestra provincia.\" \/>\n<meta name=\"robots\" content=\"index, follow, max-snippet:-1, max-image-preview:large, max-video-preview:-1\" \/>\n<link rel=\"canonical\" href=\"https:\/\/turismoenzamora.es\/fromago-2026-culmina-en-madrid-su-gira-promocional-con-309-expositores-443-stands-y-45-importadores-de-23-paises\/\" \/>\n<meta property=\"og:locale\" content=\"de_DE\" \/>\n<meta property=\"og:type\" content=\"article\" \/>\n<meta property=\"og:title\" content=\"Turismo de Zamora Patronato de Turismo de la Diputaci\u00f3n de Zamora\" \/>\n<meta property=\"og:description\" content=\"Esta es la p\u00e1gina Oficial de Turismo de Diputaci\u00f3n de Zamora, &quot;Turismo Sostenible&quot;, donde podr\u00e1 encontrar toda la informaci\u00f3n para disfrutar al m\u00e1ximo de nuestra provincia.\" \/>\n<meta property=\"og:url\" content=\"https:\/\/turismoenzamora.es\/fromago-2026-culmina-en-madrid-su-gira-promocional-con-309-expositores-443-stands-y-45-importadores-de-23-paises\/\" \/>\n<meta property=\"og:site_name\" content=\"Tourismus in Zamora\" \/>\n<meta property=\"article:publisher\" content=\"https:\/\/www.facebook.com\/ZamoraSpain\/\" \/>\n<meta property=\"article:published_time\" content=\"2026-09-04T12:09:33+00:00\" \/>\n<meta property=\"article:modified_time\" content=\"2026-09-04T12:09:34+00:00\" \/>\n<meta property=\"og:image\" content=\"https:\/\/turismoenzamora.es\/wp-content\/uploads\/2026\/09\/Presentacion-Fromago-2026-en-Madrid.jpg_1393830151.jpg\" \/>\n\t<meta property=\"og:image:width\" content=\"1428\" \/>\n\t<meta property=\"og:image:height\" content=\"714\" \/>\n\t<meta property=\"og:image:type\" content=\"image\/jpeg\" \/>\n<meta name=\"author\" content=\"Turismo en Zamora\" \/>\n<meta name=\"twitter:card\" content=\"summary_large_image\" \/>\n<meta name=\"twitter:creator\" content=\"@ZamoraSpain\" \/>\n<meta name=\"twitter:site\" content=\"@ZamoraSpain\" \/>\n<meta name=\"twitter:label1\" content=\"Verfasst von\" \/>\n\t<meta name=\"twitter:data1\" content=\"Turismo en Zamora\" \/>\n\t<meta name=\"twitter:label2\" content=\"Gesch\u00e4tzte Lesezeit\" \/>\n\t<meta name=\"twitter:data2\" content=\"7 Minuten\" \/>\n<script type=\"application\/ld+json\" class=\"yoast-schema-graph\">{\"@context\":\"https:\/\/schema.org\",\"@graph\":[{\"@type\":\"Article\",\"@id\":\"https:\/\/turismoenzamora.es\/fromago-2026-culmina-en-madrid-su-gira-promocional-con-309-expositores-443-stands-y-45-importadores-de-23-paises\/#article\",\"isPartOf\":{\"@id\":\"https:\/\/turismoenzamora.es\/fromago-2026-culmina-en-madrid-su-gira-promocional-con-309-expositores-443-stands-y-45-importadores-de-23-paises\/\"},\"author\":{\"name\":\"Turismo en Zamora\",\"@id\":\"https:\/\/turismoenzamora.es\/pt\/#\/schema\/person\/a93a3987cc8719e351d9c4dcf422b21c\"},\"headline\":\"FROMAGO 2026 culmina en Madrid su gira promocional con 309 expositores, 443 stands y 45 importadores de 23 pa\u00edses\",\"datePublished\":\"2026-09-04T12:09:33+00:00\",\"dateModified\":\"2026-09-04T12:09:34+00:00\",\"mainEntityOfPage\":{\"@id\":\"https:\/\/turismoenzamora.es\/fromago-2026-culmina-en-madrid-su-gira-promocional-con-309-expositores-443-stands-y-45-importadores-de-23-paises\/\"},\"wordCount\":1472,\"publisher\":{\"@id\":\"https:\/\/turismoenzamora.es\/pt\/#organization\"},\"image\":{\"@id\":\"https:\/\/turismoenzamora.es\/fromago-2026-culmina-en-madrid-su-gira-promocional-con-309-expositores-443-stands-y-45-importadores-de-23-paises\/#primaryimage\"},\"thumbnailUrl\":\"https:\/\/turismoenzamora.es\/wp-content\/uploads\/2026\/09\/Presentacion-Fromago-2026-en-Madrid.jpg_1393830151.jpg\",\"articleSection\":[\"DESTACADOS\"],\"inLanguage\":\"de-DE\"},{\"@type\":\"WebPage\",\"@id\":\"https:\/\/turismoenzamora.es\/fromago-2026-culmina-en-madrid-su-gira-promocional-con-309-expositores-443-stands-y-45-importadores-de-23-paises\/\",\"url\":\"https:\/\/turismoenzamora.es\/fromago-2026-culmina-en-madrid-su-gira-promocional-con-309-expositores-443-stands-y-45-importadores-de-23-paises\/\",\"name\":\"Turismo de Zamora Patronato de Turismo de la Diputaci\u00f3n de Zamora\",\"isPartOf\":{\"@id\":\"https:\/\/turismoenzamora.es\/pt\/#website\"},\"primaryImageOfPage\":{\"@id\":\"https:\/\/turismoenzamora.es\/fromago-2026-culmina-en-madrid-su-gira-promocional-con-309-expositores-443-stands-y-45-importadores-de-23-paises\/#primaryimage\"},\"image\":{\"@id\":\"https:\/\/turismoenzamora.es\/fromago-2026-culmina-en-madrid-su-gira-promocional-con-309-expositores-443-stands-y-45-importadores-de-23-paises\/#primaryimage\"},\"thumbnailUrl\":\"https:\/\/turismoenzamora.es\/wp-content\/uploads\/2026\/09\/Presentacion-Fromago-2026-en-Madrid.jpg_1393830151.jpg\",\"datePublished\":\"2026-09-04T12:09:33+00:00\",\"dateModified\":\"2026-09-04T12:09:34+00:00\",\"description\":\"Esta es la p\u00e1gina Oficial de Turismo de Diputaci\u00f3n de Zamora, \\\"Turismo Sostenible\\\", donde podr\u00e1 encontrar toda la informaci\u00f3n para disfrutar al m\u00e1ximo de nuestra provincia.\",\"breadcrumb\":{\"@id\":\"https:\/\/turismoenzamora.es\/fromago-2026-culmina-en-madrid-su-gira-promocional-con-309-expositores-443-stands-y-45-importadores-de-23-paises\/#breadcrumb\"},\"inLanguage\":\"de-DE\",\"potentialAction\":[{\"@type\":\"ReadAction\",\"target\":[\"https:\/\/turismoenzamora.es\/fromago-2026-culmina-en-madrid-su-gira-promocional-con-309-expositores-443-stands-y-45-importadores-de-23-paises\/\"]}]},{\"@type\":\"ImageObject\",\"inLanguage\":\"de-DE\",\"@id\":\"https:\/\/turismoenzamora.es\/fromago-2026-culmina-en-madrid-su-gira-promocional-con-309-expositores-443-stands-y-45-importadores-de-23-paises\/#primaryimage\",\"url\":\"https:\/\/turismoenzamora.es\/wp-content\/uploads\/2026\/09\/Presentacion-Fromago-2026-en-Madrid.jpg_1393830151.jpg\",\"contentUrl\":\"https:\/\/turismoenzamora.es\/wp-content\/uploads\/2026\/09\/Presentacion-Fromago-2026-en-Madrid.jpg_1393830151.jpg\",\"width\":1428,\"height\":714},{\"@type\":\"BreadcrumbList\",\"@id\":\"https:\/\/turismoenzamora.es\/fromago-2026-culmina-en-madrid-su-gira-promocional-con-309-expositores-443-stands-y-45-importadores-de-23-paises\/#breadcrumb\",\"itemListElement\":[{\"@type\":\"ListItem\",\"position\":1,\"name\":\"Portada\",\"item\":\"https:\/\/turismoenzamora.es\/\"},{\"@type\":\"ListItem\",\"position\":2,\"name\":\"FROMAGO 2026 culmina en Madrid su gira promocional con 309 expositores, 443 stands y 45 importadores de 23 pa\u00edses\"}]},{\"@type\":\"WebSite\",\"@id\":\"https:\/\/turismoenzamora.es\/pt\/#website\",\"url\":\"https:\/\/turismoenzamora.es\/pt\/\",\"name\":\"Turismo sostenible. Patronato de Turismo de la Diputaci\u00f3n de Zamora.&quot;Turismo Sostenible&quot;.\",\"description\":\"Nachhaltiger Tourismus Tourismusverband der Diputaci\u00f3n de Zamora\",\"publisher\":{\"@id\":\"https:\/\/turismoenzamora.es\/pt\/#organization\"},\"potentialAction\":[{\"@type\":\"SearchAction\",\"target\":{\"@type\":\"EntryPoint\",\"urlTemplate\":\"https:\/\/turismoenzamora.es\/pt\/?s={search_term_string}\"},\"query-input\":\"required name=search_term_string\"}],\"inLanguage\":\"de-DE\"},{\"@type\":\"Organization\",\"@id\":\"https:\/\/turismoenzamora.es\/pt\/#organization\",\"name\":\"Patronato de Turismo de la Diputaci\u00f3n de Zamora\",\"url\":\"https:\/\/turismoenzamora.es\/pt\/\",\"logo\":{\"@type\":\"ImageObject\",\"inLanguage\":\"de-DE\",\"@id\":\"https:\/\/turismoenzamora.es\/pt\/#\/schema\/logo\/image\/\",\"url\":\"https:\/\/turismoenzamora.es\/wp-content\/uploads\/2018\/06\/ZamoraLogo.png\",\"contentUrl\":\"https:\/\/turismoenzamora.es\/wp-content\/uploads\/2018\/06\/ZamoraLogo.png\",\"width\":1276,\"height\":290,\"caption\":\"Patronato de Turismo de la Diputaci\u00f3n de Zamora\"},\"image\":{\"@id\":\"https:\/\/turismoenzamora.es\/pt\/#\/schema\/logo\/image\/\"},\"sameAs\":[\"https:\/\/www.facebook.com\/ZamoraSpain\/\",\"https:\/\/x.com\/ZamoraSpain\",\"https:\/\/www.instagram.com\/turismoenzamora.es\/\",\"https:\/\/www.pinterest.es\/TurismoenZamora\/\",\"https:\/\/www.youtube.com\/channel\/UC2bOyOZ-2cLm-uXlBFYUV9w\"]},{\"@type\":\"Person\",\"@id\":\"https:\/\/turismoenzamora.es\/pt\/#\/schema\/person\/a93a3987cc8719e351d9c4dcf422b21c\",\"name\":\"Turismo en Zamora\",\"url\":\"https:\/\/turismoenzamora.es\/de\/author\/null_n8f4zngb\/\"}]}<\/script>\n<!-- \/ Yoast SEO plugin. -->","yoast_head_json":{"title":"Turismo de Zamora Patronato de Turismo de la Diputaci\u00f3n de Zamora","description":"Esta es la p\u00e1gina Oficial de Turismo de Diputaci\u00f3n de Zamora, \"Turismo Sostenible\", donde podr\u00e1 encontrar toda la informaci\u00f3n para disfrutar al m\u00e1ximo de nuestra provincia.","robots":{"index":"index","follow":"follow","max-snippet":"max-snippet:-1","max-image-preview":"max-image-preview:large","max-video-preview":"max-video-preview:-1"},"canonical":"https:\/\/turismoenzamora.es\/fromago-2026-culmina-en-madrid-su-gira-promocional-con-309-expositores-443-stands-y-45-importadores-de-23-paises\/","og_locale":"de_DE","og_type":"article","og_title":"Turismo de Zamora Patronato de Turismo de la Diputaci\u00f3n de Zamora","og_description":"Esta es la p\u00e1gina Oficial de Turismo de Diputaci\u00f3n de Zamora, \"Turismo Sostenible\", donde podr\u00e1 encontrar toda la informaci\u00f3n para disfrutar al m\u00e1ximo de nuestra provincia.","og_url":"https:\/\/turismoenzamora.es\/fromago-2026-culmina-en-madrid-su-gira-promocional-con-309-expositores-443-stands-y-45-importadores-de-23-paises\/","og_site_name":"Tourismus in Zamora","article_publisher":"https:\/\/www.facebook.com\/ZamoraSpain\/","article_published_time":"2026-09-04T12:09:33+00:00","article_modified_time":"2026-09-04T12:09:34+00:00","og_image":[{"width":1428,"height":714,"url":"https:\/\/turismoenzamora.es\/wp-content\/uploads\/2026\/09\/Presentacion-Fromago-2026-en-Madrid.jpg_1393830151.jpg","type":"image\/jpeg"}],"author":"Turismo en Zamora","twitter_card":"summary_large_image","twitter_creator":"@ZamoraSpain","twitter_site":"@ZamoraSpain","twitter_misc":{"Verfasst von":"Turismo en Zamora","Gesch\u00e4tzte Lesezeit":"7 Minuten"},"schema":{"@context":"https:\/\/schema.org","@graph":[{"@type":"Article","@id":"https:\/\/turismoenzamora.es\/fromago-2026-culmina-en-madrid-su-gira-promocional-con-309-expositores-443-stands-y-45-importadores-de-23-paises\/#article","isPartOf":{"@id":"https:\/\/turismoenzamora.es\/fromago-2026-culmina-en-madrid-su-gira-promocional-con-309-expositores-443-stands-y-45-importadores-de-23-paises\/"},"author":{"name":"Turismo en Zamora","@id":"https:\/\/turismoenzamora.es\/pt\/#\/schema\/person\/a93a3987cc8719e351d9c4dcf422b21c"},"headline":"FROMAGO 2026 culmina en Madrid su gira promocional con 309 expositores, 443 stands y 45 importadores de 23 pa\u00edses","datePublished":"2026-09-04T12:09:33+00:00","dateModified":"2026-09-04T12:09:34+00:00","mainEntityOfPage":{"@id":"https:\/\/turismoenzamora.es\/fromago-2026-culmina-en-madrid-su-gira-promocional-con-309-expositores-443-stands-y-45-importadores-de-23-paises\/"},"wordCount":1472,"publisher":{"@id":"https:\/\/turismoenzamora.es\/pt\/#organization"},"image":{"@id":"https:\/\/turismoenzamora.es\/fromago-2026-culmina-en-madrid-su-gira-promocional-con-309-expositores-443-stands-y-45-importadores-de-23-paises\/#primaryimage"},"thumbnailUrl":"https:\/\/turismoenzamora.es\/wp-content\/uploads\/2026\/09\/Presentacion-Fromago-2026-en-Madrid.jpg_1393830151.jpg","articleSection":["DESTACADOS"],"inLanguage":"de-DE"},{"@type":"WebPage","@id":"https:\/\/turismoenzamora.es\/fromago-2026-culmina-en-madrid-su-gira-promocional-con-309-expositores-443-stands-y-45-importadores-de-23-paises\/","url":"https:\/\/turismoenzamora.es\/fromago-2026-culmina-en-madrid-su-gira-promocional-con-309-expositores-443-stands-y-45-importadores-de-23-paises\/","name":"Turismo de Zamora Patronato de Turismo de la Diputaci\u00f3n de Zamora","isPartOf":{"@id":"https:\/\/turismoenzamora.es\/pt\/#website"},"primaryImageOfPage":{"@id":"https:\/\/turismoenzamora.es\/fromago-2026-culmina-en-madrid-su-gira-promocional-con-309-expositores-443-stands-y-45-importadores-de-23-paises\/#primaryimage"},"image":{"@id":"https:\/\/turismoenzamora.es\/fromago-2026-culmina-en-madrid-su-gira-promocional-con-309-expositores-443-stands-y-45-importadores-de-23-paises\/#primaryimage"},"thumbnailUrl":"https:\/\/turismoenzamora.es\/wp-content\/uploads\/2026\/09\/Presentacion-Fromago-2026-en-Madrid.jpg_1393830151.jpg","datePublished":"2026-09-04T12:09:33+00:00","dateModified":"2026-09-04T12:09:34+00:00","description":"Esta es la p\u00e1gina Oficial de Turismo de Diputaci\u00f3n de Zamora, \"Turismo Sostenible\", donde podr\u00e1 encontrar toda la informaci\u00f3n para disfrutar al m\u00e1ximo de nuestra provincia.","breadcrumb":{"@id":"https:\/\/turismoenzamora.es\/fromago-2026-culmina-en-madrid-su-gira-promocional-con-309-expositores-443-stands-y-45-importadores-de-23-paises\/#breadcrumb"},"inLanguage":"de-DE","potentialAction":[{"@type":"ReadAction","target":["https:\/\/turismoenzamora.es\/fromago-2026-culmina-en-madrid-su-gira-promocional-con-309-expositores-443-stands-y-45-importadores-de-23-paises\/"]}]},{"@type":"ImageObject","inLanguage":"de-DE","@id":"https:\/\/turismoenzamora.es\/fromago-2026-culmina-en-madrid-su-gira-promocional-con-309-expositores-443-stands-y-45-importadores-de-23-paises\/#primaryimage","url":"https:\/\/turismoenzamora.es\/wp-content\/uploads\/2026\/09\/Presentacion-Fromago-2026-en-Madrid.jpg_1393830151.jpg","contentUrl":"https:\/\/turismoenzamora.es\/wp-content\/uploads\/2026\/09\/Presentacion-Fromago-2026-en-Madrid.jpg_1393830151.jpg","width":1428,"height":714},{"@type":"BreadcrumbList","@id":"https:\/\/turismoenzamora.es\/fromago-2026-culmina-en-madrid-su-gira-promocional-con-309-expositores-443-stands-y-45-importadores-de-23-paises\/#breadcrumb","itemListElement":[{"@type":"ListItem","position":1,"name":"Portada","item":"https:\/\/turismoenzamora.es\/"},{"@type":"ListItem","position":2,"name":"FROMAGO 2026 culmina en Madrid su gira promocional con 309 expositores, 443 stands y 45 importadores de 23 pa\u00edses"}]},{"@type":"WebSite","@id":"https:\/\/turismoenzamora.es\/pt\/#website","url":"https:\/\/turismoenzamora.es\/pt\/","name":"Turismo sostenible. Patronato de Turismo de la Diputaci\u00f3n de Zamora.&quot;Turismo Sostenible&quot;.","description":"Nachhaltiger Tourismus Tourismusverband der Diputaci\u00f3n de Zamora","publisher":{"@id":"https:\/\/turismoenzamora.es\/pt\/#organization"},"potentialAction":[{"@type":"SearchAction","target":{"@type":"EntryPoint","urlTemplate":"https:\/\/turismoenzamora.es\/pt\/?s={search_term_string}"},"query-input":"required name=search_term_string"}],"inLanguage":"de-DE"},{"@type":"Organization","@id":"https:\/\/turismoenzamora.es\/pt\/#organization","name":"Patronato de Turismo de la Diputaci\u00f3n de Zamora","url":"https:\/\/turismoenzamora.es\/pt\/","logo":{"@type":"ImageObject","inLanguage":"de-DE","@id":"https:\/\/turismoenzamora.es\/pt\/#\/schema\/logo\/image\/","url":"https:\/\/turismoenzamora.es\/wp-content\/uploads\/2018\/06\/ZamoraLogo.png","contentUrl":"https:\/\/turismoenzamora.es\/wp-content\/uploads\/2018\/06\/ZamoraLogo.png","width":1276,"height":290,"caption":"Patronato de Turismo de la Diputaci\u00f3n de Zamora"},"image":{"@id":"https:\/\/turismoenzamora.es\/pt\/#\/schema\/logo\/image\/"},"sameAs":["https:\/\/www.facebook.com\/ZamoraSpain\/","https:\/\/x.com\/ZamoraSpain","https:\/\/www.instagram.com\/turismoenzamora.es\/","https:\/\/www.pinterest.es\/TurismoenZamora\/","https:\/\/www.youtube.com\/channel\/UC2bOyOZ-2cLm-uXlBFYUV9w"]},{"@type":"Person","@id":"https:\/\/turismoenzamora.es\/pt\/#\/schema\/person\/a93a3987cc8719e351d9c4dcf422b21c","name":"Turismo en Zamora","url":"https:\/\/turismoenzamora.es\/de\/author\/null_n8f4zngb\/"}]}},"_links":{"self":[{"href":"https:\/\/turismoenzamora.es\/de\/wp-json\/wp\/v2\/posts\/24452"}],"collection":[{"href":"https:\/\/turismoenzamora.es\/de\/wp-json\/wp\/v2\/posts"}],"about":[{"href":"https:\/\/turismoenzamora.es\/de\/wp-json\/wp\/v2\/types\/post"}],"author":[{"embeddable":true,"href":"https:\/\/turismoenzamora.es\/de\/wp-json\/wp\/v2\/users\/1"}],"replies":[{"embeddable":true,"href":"https:\/\/turismoenzamora.es\/de\/wp-json\/wp\/v2\/comments?post=24452"}],"version-history":[{"count":1,"href":"https:\/\/turismoenzamora.es\/de\/wp-json\/wp\/v2\/posts\/24452\/revisions"}],"predecessor-version":[{"id":24455,"href":"https:\/\/turismoenzamora.es\/de\/wp-json\/wp\/v2\/posts\/24452\/revisions\/24455"}],"wp:featuredmedia":[{"embeddable":true,"href":"https:\/\/turismoenzamora.es\/de\/wp-json\/wp\/v2\/media\/24454"}],"wp:attachment":[{"href":"https:\/\/turismoenzamora.es\/de\/wp-json\/wp\/v2\/media?parent=24452"}],"wp:term":[{"taxonomy":"category","embeddable":true,"href":"https:\/\/turismoenzamora.es\/de\/wp-json\/wp\/v2\/categories?post=24452"},{"taxonomy":"post_tag","embeddable":true,"href":"https:\/\/turismoenzamora.es\/de\/wp-json\/wp\/v2\/tags?post=24452"}],"curies":[{"name":"wp","href":"https:\/\/api.w.org\/{rel}","templated":true}]}}